{"id":93,"date":"2013-02-27T14:27:11","date_gmt":"2013-02-27T13:27:11","guid":{"rendered":"http:\/\/thelins.se\/erik\/blog\/?p=93"},"modified":"2013-02-27T14:27:11","modified_gmt":"2013-02-27T13:27:11","slug":"grinddags","status":"publish","type":"post","link":"https:\/\/thelins.se\/erik\/blog\/2013\/02\/27\/grinddags\/","title":{"rendered":"Grinddags!"},"content":{"rendered":"<p>&nbsp;<\/p>\n<p>Hej alla,<\/p>\n<p>Det \u00e4r s\u00e5 att mamma och pappa har ett litet problem. Det \u00e4r s\u00e5 att om jag st\u00e5r mot en kant, s\u00e5 kan jag&#8230;<\/p>\n<p><a href=\"https:\/\/thelins.se\/erik\/blog\/2013\/02\/27\/grinddags\/imag3927\/\" rel=\"attachment wp-att-94\"><img loading=\"lazy\" decoding=\"async\" class=\"aligncenter size-large wp-image-94\" alt=\"IMAG3927\" src=\"https:\/\/thelins.se\/erik\/blog\/wp-content\/uploads\/2013\/02\/IMAG3927-613x1024.jpg\" width=\"584\" height=\"975\" srcset=\"https:\/\/thelins.se\/erik\/blog\/wp-content\/uploads\/2013\/02\/IMAG3927-613x1024.jpg 613w, https:\/\/thelins.se\/erik\/blog\/wp-content\/uploads\/2013\/02\/IMAG3927-179x300.jpg 179w, https:\/\/thelins.se\/erik\/blog\/wp-content\/uploads\/2013\/02\/IMAG3927.jpg 1552w\" sizes=\"auto, (max-width: 584px) 100vw, 584px\" \/><\/a><\/p>\n<p>&#8230;liksom dra mig upp. L\u00e5dor fungerar ocks\u00e5&#8230;<\/p>\n<p><a href=\"https:\/\/thelins.se\/erik\/blog\/2013\/02\/27\/grinddags\/imag3952\/\" rel=\"attachment wp-att-95\"><img loading=\"lazy\" decoding=\"async\" class=\"aligncenter size-large wp-image-95\" alt=\"IMAG3952\" src=\"https:\/\/thelins.se\/erik\/blog\/wp-content\/uploads\/2013\/02\/IMAG3952-613x1024.jpg\" width=\"584\" height=\"975\" srcset=\"https:\/\/thelins.se\/erik\/blog\/wp-content\/uploads\/2013\/02\/IMAG3952-613x1024.jpg 613w, https:\/\/thelins.se\/erik\/blog\/wp-content\/uploads\/2013\/02\/IMAG3952-179x300.jpg 179w, https:\/\/thelins.se\/erik\/blog\/wp-content\/uploads\/2013\/02\/IMAG3952.jpg 1552w\" sizes=\"auto, (max-width: 584px) 100vw, 584px\" \/><\/a><\/p>\n<p>Och nu har jag tillsist hittat trappan!<\/p>\n<p><a href=\"https:\/\/thelins.se\/erik\/blog\/2013\/02\/27\/grinddags\/imag3984\/\" rel=\"attachment wp-att-96\"><img loading=\"lazy\" decoding=\"async\" class=\"aligncenter size-large wp-image-96\" alt=\"IMAG3984\" src=\"https:\/\/thelins.se\/erik\/blog\/wp-content\/uploads\/2013\/02\/IMAG3984-613x1024.jpg\" width=\"584\" height=\"975\" srcset=\"https:\/\/thelins.se\/erik\/blog\/wp-content\/uploads\/2013\/02\/IMAG3984-613x1024.jpg 613w, https:\/\/thelins.se\/erik\/blog\/wp-content\/uploads\/2013\/02\/IMAG3984-179x300.jpg 179w, https:\/\/thelins.se\/erik\/blog\/wp-content\/uploads\/2013\/02\/IMAG3984.jpg 1552w\" sizes=\"auto, (max-width: 584px) 100vw, 584px\" \/><\/a><\/p>\n<p>&nbsp;<\/p>\n<p>\/E<\/p>\n","protected":false},"excerpt":{"rendered":"<p>&nbsp; Hej alla, Det \u00e4r s\u00e5 att mamma och pappa har ett litet problem. Det \u00e4r s\u00e5 att om jag st\u00e5r mot en kant, s\u00e5 kan jag&#8230; &#8230;liksom dra mig upp. L\u00e5dor fungerar ocks\u00e5&#8230; Och nu har jag tillsist hittat &hellip; <a href=\"https:\/\/thelins.se\/erik\/blog\/2013\/02\/27\/grinddags\/\">Continue reading <span class=\"meta-nav\">&rarr;<\/span><\/a><\/p>\n","protected":false},"author":2,"featured_media":0,"comment_status":"closed","ping_status":"closed","sticky":false,"template":"","format":"standard","meta":{"footnotes":""},"categories":[1],"tags":[],"class_list":["post-93","post","type-post","status-publish","format-standard","hentry","category-uncategorized"],"_links":{"self":[{"href":"https:\/\/thelins.se\/erik\/blog\/wp-json\/wp\/v2\/posts\/93","targetHints":{"allow":["GET"]}}],"collection":[{"href":"https:\/\/thelins.se\/erik\/blog\/wp-json\/wp\/v2\/posts"}],"about":[{"href":"https:\/\/thelins.se\/erik\/blog\/wp-json\/wp\/v2\/types\/post"}],"author":[{"embeddable":true,"href":"https:\/\/thelins.se\/erik\/blog\/wp-json\/wp\/v2\/users\/2"}],"replies":[{"embeddable":true,"href":"https:\/\/thelins.se\/erik\/blog\/wp-json\/wp\/v2\/comments?post=93"}],"version-history":[{"count":2,"href":"https:\/\/thelins.se\/erik\/blog\/wp-json\/wp\/v2\/posts\/93\/revisions"}],"predecessor-version":[{"id":98,"href":"https:\/\/thelins.se\/erik\/blog\/wp-json\/wp\/v2\/posts\/93\/revisions\/98"}],"wp:attachment":[{"href":"https:\/\/thelins.se\/erik\/blog\/wp-json\/wp\/v2\/media?parent=93"}],"wp:term":[{"taxonomy":"category","embeddable":true,"href":"https:\/\/thelins.se\/erik\/blog\/wp-json\/wp\/v2\/categories?post=93"},{"taxonomy":"post_tag","embeddable":true,"href":"https:\/\/thelins.se\/erik\/blog\/wp-json\/wp\/v2\/tags?post=93"}],"curies":[{"name":"wp","href":"https:\/\/api.w.org\/{rel}","templated":true}]}}