{"id":86,"date":"2013-01-15T08:00:37","date_gmt":"2013-01-15T07:00:37","guid":{"rendered":"http:\/\/thelins.se\/erik\/blog\/?p=86"},"modified":"2013-01-15T08:39:14","modified_gmt":"2013-01-15T07:39:14","slug":"86","status":"publish","type":"post","link":"https:\/\/thelins.se\/erik\/blog\/2013\/01\/15\/86\/","title":{"rendered":"S\u00f6mnl\u00f6s?"},"content":{"rendered":"<p>&nbsp;<\/p>\n<p>Hej alla,<\/p>\n<p>Den h\u00e4r kv\u00e4llen var jag inte \u00f6verdrivet sugen p\u00e5 att sova. M\u00e4rks det?<\/p>\n<p><a href=\"https:\/\/thelins.se\/erik\/blog\/?attachment_id=87\" rel=\"attachment wp-att-87\"><img loading=\"lazy\" decoding=\"async\" class=\"aligncenter size-large wp-image-87\" alt=\"IMAG3669\" src=\"https:\/\/thelins.se\/erik\/blog\/wp-content\/uploads\/2013\/01\/IMAG3669-613x1024.jpg\" width=\"584\" height=\"975\" srcset=\"https:\/\/thelins.se\/erik\/blog\/wp-content\/uploads\/2013\/01\/IMAG3669-613x1024.jpg 613w, https:\/\/thelins.se\/erik\/blog\/wp-content\/uploads\/2013\/01\/IMAG3669-179x300.jpg 179w, https:\/\/thelins.se\/erik\/blog\/wp-content\/uploads\/2013\/01\/IMAG3669.jpg 1552w\" sizes=\"auto, (max-width: 584px) 100vw, 584px\" \/><\/a><\/p>\n<p>&nbsp;<\/p>\n<p>\/E<\/p>\n","protected":false},"excerpt":{"rendered":"<p>&nbsp; Hej alla, Den h\u00e4r kv\u00e4llen var jag inte \u00f6verdrivet sugen p\u00e5 att sova. M\u00e4rks det? &nbsp; \/E<\/p>\n","protected":false},"author":2,"featured_media":0,"comment_status":"closed","ping_status":"closed","sticky":false,"template":"","format":"standard","meta":{"footnotes":""},"categories":[1],"tags":[],"class_list":["post-86","post","type-post","status-publish","format-standard","hentry","category-uncategorized"],"_links":{"self":[{"href":"https:\/\/thelins.se\/erik\/blog\/wp-json\/wp\/v2\/posts\/86","targetHints":{"allow":["GET"]}}],"collection":[{"href":"https:\/\/thelins.se\/erik\/blog\/wp-json\/wp\/v2\/posts"}],"about":[{"href":"https:\/\/thelins.se\/erik\/blog\/wp-json\/wp\/v2\/types\/post"}],"author":[{"embeddable":true,"href":"https:\/\/thelins.se\/erik\/blog\/wp-json\/wp\/v2\/users\/2"}],"replies":[{"embeddable":true,"href":"https:\/\/thelins.se\/erik\/blog\/wp-json\/wp\/v2\/comments?post=86"}],"version-history":[{"count":2,"href":"https:\/\/thelins.se\/erik\/blog\/wp-json\/wp\/v2\/posts\/86\/revisions"}],"predecessor-version":[{"id":91,"href":"https:\/\/thelins.se\/erik\/blog\/wp-json\/wp\/v2\/posts\/86\/revisions\/91"}],"wp:attachment":[{"href":"https:\/\/thelins.se\/erik\/blog\/wp-json\/wp\/v2\/media?parent=86"}],"wp:term":[{"taxonomy":"category","embeddable":true,"href":"https:\/\/thelins.se\/erik\/blog\/wp-json\/wp\/v2\/categories?post=86"},{"taxonomy":"post_tag","embeddable":true,"href":"https:\/\/thelins.se\/erik\/blog\/wp-json\/wp\/v2\/tags?post=86"}],"curies":[{"name":"wp","href":"https:\/\/api.w.org\/{rel}","templated":true}]}}