{"id":78,"date":"2013-01-07T06:36:09","date_gmt":"2013-01-07T05:36:09","guid":{"rendered":"http:\/\/thelins.se\/erik\/blog\/?p=78"},"modified":"2013-01-07T06:36:09","modified_gmt":"2013-01-07T05:36:09","slug":"julafton","status":"publish","type":"post","link":"https:\/\/thelins.se\/erik\/blog\/2013\/01\/07\/julafton\/","title":{"rendered":"Julafton"},"content":{"rendered":"<p>Hej alla,<\/p>\n<p>H\u00e4romdagen var det julafton. Det var en konstig, men rolig, dag.<\/p>\n<p>Jag fick h\u00e4lsa p\u00e5 tomten som gav mig paket. (P\u00e5 bilden agerar tomten via ombud)<\/p>\n<p><a href=\"https:\/\/thelins.se\/erik\/blog\/2013\/01\/07\/julafton\/p1030935\/\" rel=\"attachment wp-att-80\"><img loading=\"lazy\" decoding=\"async\" class=\"aligncenter size-medium wp-image-80\" alt=\"P1030935\" src=\"https:\/\/thelins.se\/erik\/blog\/wp-content\/uploads\/2013\/01\/P1030935-300x225.jpg\" width=\"300\" height=\"225\" srcset=\"https:\/\/thelins.se\/erik\/blog\/wp-content\/uploads\/2013\/01\/P1030935-300x225.jpg 300w, https:\/\/thelins.se\/erik\/blog\/wp-content\/uploads\/2013\/01\/P1030935-400x300.jpg 400w, https:\/\/thelins.se\/erik\/blog\/wp-content\/uploads\/2013\/01\/P1030935.jpg 1024w\" sizes=\"auto, (max-width: 300px) 100vw, 300px\" \/><\/a><\/p>\n<p>Sedan fick jag sitta hos pappas farmor, Ulla, och \u00f6ppna dem. Det var kul!<\/p>\n<p><a href=\"https:\/\/thelins.se\/erik\/blog\/2013\/01\/07\/julafton\/p1030942\/\" rel=\"attachment wp-att-79\"><img loading=\"lazy\" decoding=\"async\" class=\"aligncenter size-medium wp-image-79\" alt=\"P1030942\" src=\"https:\/\/thelins.se\/erik\/blog\/wp-content\/uploads\/2013\/01\/P1030942-225x300.jpg\" width=\"225\" height=\"300\" srcset=\"https:\/\/thelins.se\/erik\/blog\/wp-content\/uploads\/2013\/01\/P1030942-225x300.jpg 225w, https:\/\/thelins.se\/erik\/blog\/wp-content\/uploads\/2013\/01\/P1030942.jpg 768w\" sizes=\"auto, (max-width: 225px) 100vw, 225px\" \/><\/a><\/p>\n<p>\/E<\/p>\n","protected":false},"excerpt":{"rendered":"<p>Hej alla, H\u00e4romdagen var det julafton. Det var en konstig, men rolig, dag. Jag fick h\u00e4lsa p\u00e5 tomten som gav mig paket. (P\u00e5 bilden agerar tomten via ombud) Sedan fick jag sitta hos pappas farmor, Ulla, och \u00f6ppna dem. Det &hellip; <a href=\"https:\/\/thelins.se\/erik\/blog\/2013\/01\/07\/julafton\/\">Continue reading <span class=\"meta-nav\">&rarr;<\/span><\/a><\/p>\n","protected":false},"author":1,"featured_media":0,"comment_status":"closed","ping_status":"closed","sticky":false,"template":"","format":"standard","meta":{"footnotes":""},"categories":[1],"tags":[],"class_list":["post-78","post","type-post","status-publish","format-standard","hentry","category-uncategorized"],"_links":{"self":[{"href":"https:\/\/thelins.se\/erik\/blog\/wp-json\/wp\/v2\/posts\/78","targetHints":{"allow":["GET"]}}],"collection":[{"href":"https:\/\/thelins.se\/erik\/blog\/wp-json\/wp\/v2\/posts"}],"about":[{"href":"https:\/\/thelins.se\/erik\/blog\/wp-json\/wp\/v2\/types\/post"}],"author":[{"embeddable":true,"href":"https:\/\/thelins.se\/erik\/blog\/wp-json\/wp\/v2\/users\/1"}],"replies":[{"embeddable":true,"href":"https:\/\/thelins.se\/erik\/blog\/wp-json\/wp\/v2\/comments?post=78"}],"version-history":[{"count":2,"href":"https:\/\/thelins.se\/erik\/blog\/wp-json\/wp\/v2\/posts\/78\/revisions"}],"predecessor-version":[{"id":82,"href":"https:\/\/thelins.se\/erik\/blog\/wp-json\/wp\/v2\/posts\/78\/revisions\/82"}],"wp:attachment":[{"href":"https:\/\/thelins.se\/erik\/blog\/wp-json\/wp\/v2\/media?parent=78"}],"wp:term":[{"taxonomy":"category","embeddable":true,"href":"https:\/\/thelins.se\/erik\/blog\/wp-json\/wp\/v2\/categories?post=78"},{"taxonomy":"post_tag","embeddable":true,"href":"https:\/\/thelins.se\/erik\/blog\/wp-json\/wp\/v2\/tags?post=78"}],"curies":[{"name":"wp","href":"https:\/\/api.w.org\/{rel}","templated":true}]}}