{"id":72,"date":"2013-01-09T06:36:20","date_gmt":"2013-01-09T05:36:20","guid":{"rendered":"http:\/\/thelins.se\/erik\/blog\/?p=72"},"modified":"2013-01-09T06:58:04","modified_gmt":"2013-01-09T05:58:04","slug":"spegel","status":"publish","type":"post","link":"https:\/\/thelins.se\/erik\/blog\/2013\/01\/09\/spegel\/","title":{"rendered":"Spegel"},"content":{"rendered":"<p>&nbsp;<\/p>\n<p>Hej alla,<\/p>\n<p>P\u00e5 min lekfilt finns en spegel. Den \u00e4r kul. Jag kan ligga och prata med den hur l\u00e4nge som helst.<\/p>\n<p><a href=\"https:\/\/thelins.se\/erik\/blog\/?attachment_id=73\" rel=\"attachment wp-att-73\"><img loading=\"lazy\" decoding=\"async\" class=\"aligncenter size-medium wp-image-73\" alt=\"IMAG3532\" src=\"https:\/\/thelins.se\/erik\/blog\/wp-content\/uploads\/2012\/12\/IMAG3532-179x300.jpg\" width=\"179\" height=\"300\" srcset=\"https:\/\/thelins.se\/erik\/blog\/wp-content\/uploads\/2012\/12\/IMAG3532-179x300.jpg 179w, https:\/\/thelins.se\/erik\/blog\/wp-content\/uploads\/2012\/12\/IMAG3532-613x1024.jpg 613w, https:\/\/thelins.se\/erik\/blog\/wp-content\/uploads\/2012\/12\/IMAG3532.jpg 1552w\" sizes=\"auto, (max-width: 179px) 100vw, 179px\" \/><\/a><\/p>\n<p>&nbsp;<\/p>\n<p>\/E<\/p>\n","protected":false},"excerpt":{"rendered":"<p>&nbsp; Hej alla, P\u00e5 min lekfilt finns en spegel. Den \u00e4r kul. Jag kan ligga och prata med den hur l\u00e4nge som helst. &nbsp; \/E<\/p>\n","protected":false},"author":1,"featured_media":0,"comment_status":"closed","ping_status":"closed","sticky":false,"template":"","format":"standard","meta":{"footnotes":""},"categories":[1],"tags":[],"class_list":["post-72","post","type-post","status-publish","format-standard","hentry","category-uncategorized"],"_links":{"self":[{"href":"https:\/\/thelins.se\/erik\/blog\/wp-json\/wp\/v2\/posts\/72","targetHints":{"allow":["GET"]}}],"collection":[{"href":"https:\/\/thelins.se\/erik\/blog\/wp-json\/wp\/v2\/posts"}],"about":[{"href":"https:\/\/thelins.se\/erik\/blog\/wp-json\/wp\/v2\/types\/post"}],"author":[{"embeddable":true,"href":"https:\/\/thelins.se\/erik\/blog\/wp-json\/wp\/v2\/users\/1"}],"replies":[{"embeddable":true,"href":"https:\/\/thelins.se\/erik\/blog\/wp-json\/wp\/v2\/comments?post=72"}],"version-history":[{"count":2,"href":"https:\/\/thelins.se\/erik\/blog\/wp-json\/wp\/v2\/posts\/72\/revisions"}],"predecessor-version":[{"id":89,"href":"https:\/\/thelins.se\/erik\/blog\/wp-json\/wp\/v2\/posts\/72\/revisions\/89"}],"wp:attachment":[{"href":"https:\/\/thelins.se\/erik\/blog\/wp-json\/wp\/v2\/media?parent=72"}],"wp:term":[{"taxonomy":"category","embeddable":true,"href":"https:\/\/thelins.se\/erik\/blog\/wp-json\/wp\/v2\/categories?post=72"},{"taxonomy":"post_tag","embeddable":true,"href":"https:\/\/thelins.se\/erik\/blog\/wp-json\/wp\/v2\/tags?post=72"}],"curies":[{"name":"wp","href":"https:\/\/api.w.org\/{rel}","templated":true}]}}