{"id":67,"date":"2012-12-17T09:16:03","date_gmt":"2012-12-17T08:16:03","guid":{"rendered":"http:\/\/thelins.se\/erik\/blog\/?p=67"},"modified":"2012-12-17T09:16:03","modified_gmt":"2012-12-17T08:16:03","slug":"julgran","status":"publish","type":"post","link":"https:\/\/thelins.se\/erik\/blog\/2012\/12\/17\/julgran\/","title":{"rendered":"Julgran"},"content":{"rendered":"<p>&nbsp;<\/p>\n<p>Hej alla,<\/p>\n<p>Lisa, mamma och pappa har st\u00e4llt n\u00e5got helt tokigt i v\u00e5rt vardagsrum. En julgran. Hur kul som helst, men jag f\u00f6rst\u00e5r inte varf\u00f6r!<\/p>\n<p><a href=\"https:\/\/thelins.se\/erik\/blog\/2012\/12\/17\/julgran\/20121216_184455-2\/\" rel=\"attachment wp-att-69\"><img loading=\"lazy\" decoding=\"async\" class=\"aligncenter size-medium wp-image-69\" alt=\"20121216_184455\" src=\"https:\/\/thelins.se\/erik\/blog\/wp-content\/uploads\/2012\/12\/20121216_1844551-225x300.jpg\" width=\"225\" height=\"300\" srcset=\"https:\/\/thelins.se\/erik\/blog\/wp-content\/uploads\/2012\/12\/20121216_1844551-225x300.jpg 225w, https:\/\/thelins.se\/erik\/blog\/wp-content\/uploads\/2012\/12\/20121216_1844551-768x1024.jpg 768w\" sizes=\"auto, (max-width: 225px) 100vw, 225px\" \/><\/a><\/p>\n<p>&nbsp;<\/p>\n<p>\/E<\/p>\n","protected":false},"excerpt":{"rendered":"<p>&nbsp; Hej alla, Lisa, mamma och pappa har st\u00e4llt n\u00e5got helt tokigt i v\u00e5rt vardagsrum. En julgran. Hur kul som helst, men jag f\u00f6rst\u00e5r inte varf\u00f6r! &nbsp; \/E<\/p>\n","protected":false},"author":1,"featured_media":0,"comment_status":"closed","ping_status":"closed","sticky":false,"template":"","format":"standard","meta":{"footnotes":""},"categories":[1],"tags":[],"class_list":["post-67","post","type-post","status-publish","format-standard","hentry","category-uncategorized"],"_links":{"self":[{"href":"https:\/\/thelins.se\/erik\/blog\/wp-json\/wp\/v2\/posts\/67","targetHints":{"allow":["GET"]}}],"collection":[{"href":"https:\/\/thelins.se\/erik\/blog\/wp-json\/wp\/v2\/posts"}],"about":[{"href":"https:\/\/thelins.se\/erik\/blog\/wp-json\/wp\/v2\/types\/post"}],"author":[{"embeddable":true,"href":"https:\/\/thelins.se\/erik\/blog\/wp-json\/wp\/v2\/users\/1"}],"replies":[{"embeddable":true,"href":"https:\/\/thelins.se\/erik\/blog\/wp-json\/wp\/v2\/comments?post=67"}],"version-history":[{"count":1,"href":"https:\/\/thelins.se\/erik\/blog\/wp-json\/wp\/v2\/posts\/67\/revisions"}],"predecessor-version":[{"id":70,"href":"https:\/\/thelins.se\/erik\/blog\/wp-json\/wp\/v2\/posts\/67\/revisions\/70"}],"wp:attachment":[{"href":"https:\/\/thelins.se\/erik\/blog\/wp-json\/wp\/v2\/media?parent=67"}],"wp:term":[{"taxonomy":"category","embeddable":true,"href":"https:\/\/thelins.se\/erik\/blog\/wp-json\/wp\/v2\/categories?post=67"},{"taxonomy":"post_tag","embeddable":true,"href":"https:\/\/thelins.se\/erik\/blog\/wp-json\/wp\/v2\/tags?post=67"}],"curies":[{"name":"wp","href":"https:\/\/api.w.org\/{rel}","templated":true}]}}