{"id":63,"date":"2012-12-13T06:57:41","date_gmt":"2012-12-13T05:57:41","guid":{"rendered":"http:\/\/thelins.se\/erik\/blog\/?p=63"},"modified":"2012-12-13T06:57:41","modified_gmt":"2012-12-13T05:57:41","slug":"ala","status":"publish","type":"post","link":"https:\/\/thelins.se\/erik\/blog\/2012\/12\/13\/ala\/","title":{"rendered":"\u00c5la"},"content":{"rendered":"<p>Hej alla,<\/p>\n<p>Jag kan inte krypa \u00e4n, men jag kan \u00e5la runt. Ig\u00e5r lade mamma mig p\u00e5 mattan, men hittade mig under bordet. Kul!<\/p>\n<p><a href=\"https:\/\/thelins.se\/erik\/blog\/2012\/12\/13\/ala\/imag3423\/\" rel=\"attachment wp-att-64\"><img loading=\"lazy\" decoding=\"async\" class=\"aligncenter size-medium wp-image-64\" alt=\"IMAG3423\" src=\"https:\/\/thelins.se\/erik\/blog\/wp-content\/uploads\/2012\/12\/IMAG3423-179x300.jpg\" width=\"179\" height=\"300\" srcset=\"https:\/\/thelins.se\/erik\/blog\/wp-content\/uploads\/2012\/12\/IMAG3423-179x300.jpg 179w, https:\/\/thelins.se\/erik\/blog\/wp-content\/uploads\/2012\/12\/IMAG3423-613x1024.jpg 613w, https:\/\/thelins.se\/erik\/blog\/wp-content\/uploads\/2012\/12\/IMAG3423.jpg 1552w\" sizes=\"auto, (max-width: 179px) 100vw, 179px\" \/><\/a><\/p>\n<p>(ja, jag kr\u00e4ktes lite, men det \u00e4r lugnt, jag \u00e4r van)<\/p>\n<p>\/E<\/p>\n","protected":false},"excerpt":{"rendered":"<p>Hej alla, Jag kan inte krypa \u00e4n, men jag kan \u00e5la runt. Ig\u00e5r lade mamma mig p\u00e5 mattan, men hittade mig under bordet. Kul! (ja, jag kr\u00e4ktes lite, men det \u00e4r lugnt, jag \u00e4r van) \/E<\/p>\n","protected":false},"author":1,"featured_media":0,"comment_status":"closed","ping_status":"closed","sticky":false,"template":"","format":"standard","meta":{"footnotes":""},"categories":[1],"tags":[],"class_list":["post-63","post","type-post","status-publish","format-standard","hentry","category-uncategorized"],"_links":{"self":[{"href":"https:\/\/thelins.se\/erik\/blog\/wp-json\/wp\/v2\/posts\/63","targetHints":{"allow":["GET"]}}],"collection":[{"href":"https:\/\/thelins.se\/erik\/blog\/wp-json\/wp\/v2\/posts"}],"about":[{"href":"https:\/\/thelins.se\/erik\/blog\/wp-json\/wp\/v2\/types\/post"}],"author":[{"embeddable":true,"href":"https:\/\/thelins.se\/erik\/blog\/wp-json\/wp\/v2\/users\/1"}],"replies":[{"embeddable":true,"href":"https:\/\/thelins.se\/erik\/blog\/wp-json\/wp\/v2\/comments?post=63"}],"version-history":[{"count":2,"href":"https:\/\/thelins.se\/erik\/blog\/wp-json\/wp\/v2\/posts\/63\/revisions"}],"predecessor-version":[{"id":66,"href":"https:\/\/thelins.se\/erik\/blog\/wp-json\/wp\/v2\/posts\/63\/revisions\/66"}],"wp:attachment":[{"href":"https:\/\/thelins.se\/erik\/blog\/wp-json\/wp\/v2\/media?parent=63"}],"wp:term":[{"taxonomy":"category","embeddable":true,"href":"https:\/\/thelins.se\/erik\/blog\/wp-json\/wp\/v2\/categories?post=63"},{"taxonomy":"post_tag","embeddable":true,"href":"https:\/\/thelins.se\/erik\/blog\/wp-json\/wp\/v2\/tags?post=63"}],"curies":[{"name":"wp","href":"https:\/\/api.w.org\/{rel}","templated":true}]}}