{"id":47,"date":"2012-10-26T21:56:51","date_gmt":"2012-10-26T20:56:51","guid":{"rendered":"http:\/\/thelins.se\/erik\/blog\/?p=47"},"modified":"2012-10-26T22:00:49","modified_gmt":"2012-10-26T21:00:49","slug":"simhallen","status":"publish","type":"post","link":"https:\/\/thelins.se\/erik\/blog\/2012\/10\/26\/simhallen\/","title":{"rendered":"Simhallen"},"content":{"rendered":"<p>Hej alla,<\/p>\n<p>Idag var hela familjer i simhallen. Det var kul. Jag fick bada en massa med Lisa, mamma och pappa.<\/p>\n<p><a href=\"https:\/\/thelins.se\/erik\/blog\/wp-content\/uploads\/2012\/10\/IMAG3068.jpg\"><img loading=\"lazy\" decoding=\"async\" class=\"aligncenter size-medium wp-image-49\" title=\"IMAG3068\" src=\"https:\/\/thelins.se\/erik\/blog\/wp-content\/uploads\/2012\/10\/IMAG3068-300x179.jpg\" alt=\"\" width=\"300\" height=\"179\" srcset=\"https:\/\/thelins.se\/erik\/blog\/wp-content\/uploads\/2012\/10\/IMAG3068-300x179.jpg 300w, https:\/\/thelins.se\/erik\/blog\/wp-content\/uploads\/2012\/10\/IMAG3068-1024x613.jpg 1024w, https:\/\/thelins.se\/erik\/blog\/wp-content\/uploads\/2012\/10\/IMAG3068-500x300.jpg 500w\" sizes=\"auto, (max-width: 300px) 100vw, 300px\" \/><\/a><\/p>\n<p>Det var ganska roligt att kl\u00e4ttra p\u00e5 grodan, men efter ett tag tr\u00f6ttnade jag och f\u00f6rs\u00f6kte \u00e4ta upp den.<\/p>\n<p><a href=\"https:\/\/thelins.se\/erik\/blog\/wp-content\/uploads\/2012\/10\/IMAG3070.jpg\"><img loading=\"lazy\" decoding=\"async\" class=\"aligncenter size-medium wp-image-50\" title=\"IMAG3070\" src=\"https:\/\/thelins.se\/erik\/blog\/wp-content\/uploads\/2012\/10\/IMAG3070-300x179.jpg\" alt=\"\" width=\"300\" height=\"179\" srcset=\"https:\/\/thelins.se\/erik\/blog\/wp-content\/uploads\/2012\/10\/IMAG3070-300x179.jpg 300w, https:\/\/thelins.se\/erik\/blog\/wp-content\/uploads\/2012\/10\/IMAG3070-1024x613.jpg 1024w, https:\/\/thelins.se\/erik\/blog\/wp-content\/uploads\/2012\/10\/IMAG3070-500x300.jpg 500w\" sizes=\"auto, (max-width: 300px) 100vw, 300px\" \/><\/a><\/p>\n<p>D\u00e5 fick jag flyta p\u00e5 rygg ist\u00e4llet. Det var ocks\u00e5 mysigt.<\/p>\n<p><a href=\"https:\/\/thelins.se\/erik\/blog\/wp-content\/uploads\/2012\/10\/IMAG3067.jpg\"><img loading=\"lazy\" decoding=\"async\" class=\"aligncenter size-medium wp-image-48\" title=\"IMAG3067\" src=\"https:\/\/thelins.se\/erik\/blog\/wp-content\/uploads\/2012\/10\/IMAG3067-179x300.jpg\" alt=\"\" width=\"179\" height=\"300\" srcset=\"https:\/\/thelins.se\/erik\/blog\/wp-content\/uploads\/2012\/10\/IMAG3067-179x300.jpg 179w, https:\/\/thelins.se\/erik\/blog\/wp-content\/uploads\/2012\/10\/IMAG3067-613x1024.jpg 613w, https:\/\/thelins.se\/erik\/blog\/wp-content\/uploads\/2012\/10\/IMAG3067.jpg 1552w\" sizes=\"auto, (max-width: 179px) 100vw, 179px\" \/><\/a><\/p>\n<p>Sedan fick jag dyka under vattnet med pappa. Det var konstigt, men jag satte inte i halsen.<\/p>\n<p>\/Erik<\/p>\n","protected":false},"excerpt":{"rendered":"<p>Hej alla, Idag var hela familjer i simhallen. Det var kul. Jag fick bada en massa med Lisa, mamma och pappa. Det var ganska roligt att kl\u00e4ttra p\u00e5 grodan, men efter ett tag tr\u00f6ttnade jag och f\u00f6rs\u00f6kte \u00e4ta upp den. &hellip; <a href=\"https:\/\/thelins.se\/erik\/blog\/2012\/10\/26\/simhallen\/\">Continue reading <span class=\"meta-nav\">&rarr;<\/span><\/a><\/p>\n","protected":false},"author":1,"featured_media":0,"comment_status":"closed","ping_status":"closed","sticky":false,"template":"","format":"standard","meta":{"footnotes":""},"categories":[1],"tags":[],"class_list":["post-47","post","type-post","status-publish","format-standard","hentry","category-uncategorized"],"_links":{"self":[{"href":"https:\/\/thelins.se\/erik\/blog\/wp-json\/wp\/v2\/posts\/47","targetHints":{"allow":["GET"]}}],"collection":[{"href":"https:\/\/thelins.se\/erik\/blog\/wp-json\/wp\/v2\/posts"}],"about":[{"href":"https:\/\/thelins.se\/erik\/blog\/wp-json\/wp\/v2\/types\/post"}],"author":[{"embeddable":true,"href":"https:\/\/thelins.se\/erik\/blog\/wp-json\/wp\/v2\/users\/1"}],"replies":[{"embeddable":true,"href":"https:\/\/thelins.se\/erik\/blog\/wp-json\/wp\/v2\/comments?post=47"}],"version-history":[{"count":4,"href":"https:\/\/thelins.se\/erik\/blog\/wp-json\/wp\/v2\/posts\/47\/revisions"}],"predecessor-version":[{"id":54,"href":"https:\/\/thelins.se\/erik\/blog\/wp-json\/wp\/v2\/posts\/47\/revisions\/54"}],"wp:attachment":[{"href":"https:\/\/thelins.se\/erik\/blog\/wp-json\/wp\/v2\/media?parent=47"}],"wp:term":[{"taxonomy":"category","embeddable":true,"href":"https:\/\/thelins.se\/erik\/blog\/wp-json\/wp\/v2\/categories?post=47"},{"taxonomy":"post_tag","embeddable":true,"href":"https:\/\/thelins.se\/erik\/blog\/wp-json\/wp\/v2\/tags?post=47"}],"curies":[{"name":"wp","href":"https:\/\/api.w.org\/{rel}","templated":true}]}}