{"id":42,"date":"2012-10-22T10:19:37","date_gmt":"2012-10-22T09:19:37","guid":{"rendered":"http:\/\/thelins.se\/erik\/blog\/?p=42"},"modified":"2012-10-09T10:20:34","modified_gmt":"2012-10-09T09:20:34","slug":"42","status":"publish","type":"post","link":"https:\/\/thelins.se\/erik\/blog\/2012\/10\/22\/42\/","title":{"rendered":"Tummetott"},"content":{"rendered":"<p>Hej alla,<\/p>\n<p>Det \u00e4r sk\u00f6nt n\u00e4r man hittar tummen. Det tycker jag om.<\/p>\n<p><a href=\"https:\/\/thelins.se\/erik\/blog\/wp-content\/uploads\/2012\/10\/IMAG2929.jpg\"><img loading=\"lazy\" decoding=\"async\" class=\"aligncenter size-medium wp-image-43\" title=\"IMAG2929\" src=\"https:\/\/thelins.se\/erik\/blog\/wp-content\/uploads\/2012\/10\/IMAG2929-179x300.jpg\" alt=\"\" width=\"179\" height=\"300\" srcset=\"https:\/\/thelins.se\/erik\/blog\/wp-content\/uploads\/2012\/10\/IMAG2929-179x300.jpg 179w, https:\/\/thelins.se\/erik\/blog\/wp-content\/uploads\/2012\/10\/IMAG2929-613x1024.jpg 613w, https:\/\/thelins.se\/erik\/blog\/wp-content\/uploads\/2012\/10\/IMAG2929.jpg 1552w\" sizes=\"auto, (max-width: 179px) 100vw, 179px\" \/><\/a><\/p>\n<p>\/E<\/p>\n","protected":false},"excerpt":{"rendered":"<p>Hej alla, Det \u00e4r sk\u00f6nt n\u00e4r man hittar tummen. Det tycker jag om. \/E<\/p>\n","protected":false},"author":1,"featured_media":0,"comment_status":"closed","ping_status":"closed","sticky":false,"template":"","format":"standard","meta":{"footnotes":""},"categories":[1],"tags":[],"class_list":["post-42","post","type-post","status-publish","format-standard","hentry","category-uncategorized"],"_links":{"self":[{"href":"https:\/\/thelins.se\/erik\/blog\/wp-json\/wp\/v2\/posts\/42","targetHints":{"allow":["GET"]}}],"collection":[{"href":"https:\/\/thelins.se\/erik\/blog\/wp-json\/wp\/v2\/posts"}],"about":[{"href":"https:\/\/thelins.se\/erik\/blog\/wp-json\/wp\/v2\/types\/post"}],"author":[{"embeddable":true,"href":"https:\/\/thelins.se\/erik\/blog\/wp-json\/wp\/v2\/users\/1"}],"replies":[{"embeddable":true,"href":"https:\/\/thelins.se\/erik\/blog\/wp-json\/wp\/v2\/comments?post=42"}],"version-history":[{"count":2,"href":"https:\/\/thelins.se\/erik\/blog\/wp-json\/wp\/v2\/posts\/42\/revisions"}],"predecessor-version":[{"id":45,"href":"https:\/\/thelins.se\/erik\/blog\/wp-json\/wp\/v2\/posts\/42\/revisions\/45"}],"wp:attachment":[{"href":"https:\/\/thelins.se\/erik\/blog\/wp-json\/wp\/v2\/media?parent=42"}],"wp:term":[{"taxonomy":"category","embeddable":true,"href":"https:\/\/thelins.se\/erik\/blog\/wp-json\/wp\/v2\/categories?post=42"},{"taxonomy":"post_tag","embeddable":true,"href":"https:\/\/thelins.se\/erik\/blog\/wp-json\/wp\/v2\/tags?post=42"}],"curies":[{"name":"wp","href":"https:\/\/api.w.org\/{rel}","templated":true}]}}