{"id":37,"date":"2012-10-18T08:52:05","date_gmt":"2012-10-18T07:52:05","guid":{"rendered":"http:\/\/thelins.se\/erik\/blog\/?p=37"},"modified":"2012-09-30T08:56:32","modified_gmt":"2012-09-30T07:56:32","slug":"lisas-stol","status":"publish","type":"post","link":"https:\/\/thelins.se\/erik\/blog\/2012\/10\/18\/lisas-stol\/","title":{"rendered":"Lisas stol"},"content":{"rendered":"<p>Hej alla,<\/p>\n<p>Lisa har en stol som \u00e4r kul att sitta i. D\u00e5 ser man sina f\u00f6tter bra!<\/p>\n<p><a href=\"https:\/\/thelins.se\/erik\/blog\/wp-content\/uploads\/2012\/09\/12090012.jpg\"><img loading=\"lazy\" decoding=\"async\" class=\"aligncenter size-medium wp-image-39\" title=\"12090012\" src=\"https:\/\/thelins.se\/erik\/blog\/wp-content\/uploads\/2012\/09\/12090012-168x300.jpg\" alt=\"\" width=\"168\" height=\"300\" srcset=\"https:\/\/thelins.se\/erik\/blog\/wp-content\/uploads\/2012\/09\/12090012-168x300.jpg 168w, https:\/\/thelins.se\/erik\/blog\/wp-content\/uploads\/2012\/09\/12090012-576x1024.jpg 576w\" sizes=\"auto, (max-width: 168px) 100vw, 168px\" \/><\/a><\/p>\n<p>\/E<\/p>\n","protected":false},"excerpt":{"rendered":"<p>Hej alla, Lisa har en stol som \u00e4r kul att sitta i. D\u00e5 ser man sina f\u00f6tter bra! \/E<\/p>\n","protected":false},"author":1,"featured_media":0,"comment_status":"closed","ping_status":"closed","sticky":false,"template":"","format":"standard","meta":{"footnotes":""},"categories":[1],"tags":[],"class_list":["post-37","post","type-post","status-publish","format-standard","hentry","category-uncategorized"],"_links":{"self":[{"href":"https:\/\/thelins.se\/erik\/blog\/wp-json\/wp\/v2\/posts\/37","targetHints":{"allow":["GET"]}}],"collection":[{"href":"https:\/\/thelins.se\/erik\/blog\/wp-json\/wp\/v2\/posts"}],"about":[{"href":"https:\/\/thelins.se\/erik\/blog\/wp-json\/wp\/v2\/types\/post"}],"author":[{"embeddable":true,"href":"https:\/\/thelins.se\/erik\/blog\/wp-json\/wp\/v2\/users\/1"}],"replies":[{"embeddable":true,"href":"https:\/\/thelins.se\/erik\/blog\/wp-json\/wp\/v2\/comments?post=37"}],"version-history":[{"count":1,"href":"https:\/\/thelins.se\/erik\/blog\/wp-json\/wp\/v2\/posts\/37\/revisions"}],"predecessor-version":[{"id":40,"href":"https:\/\/thelins.se\/erik\/blog\/wp-json\/wp\/v2\/posts\/37\/revisions\/40"}],"wp:attachment":[{"href":"https:\/\/thelins.se\/erik\/blog\/wp-json\/wp\/v2\/media?parent=37"}],"wp:term":[{"taxonomy":"category","embeddable":true,"href":"https:\/\/thelins.se\/erik\/blog\/wp-json\/wp\/v2\/categories?post=37"},{"taxonomy":"post_tag","embeddable":true,"href":"https:\/\/thelins.se\/erik\/blog\/wp-json\/wp\/v2\/tags?post=37"}],"curies":[{"name":"wp","href":"https:\/\/api.w.org\/{rel}","templated":true}]}}