{"id":34,"date":"2012-10-10T15:57:44","date_gmt":"2012-10-10T14:57:44","guid":{"rendered":"http:\/\/thelins.se\/erik\/blog\/?p=34"},"modified":"2012-09-29T15:59:51","modified_gmt":"2012-09-29T14:59:51","slug":"lek-och-bus-landet","status":"publish","type":"post","link":"https:\/\/thelins.se\/erik\/blog\/2012\/10\/10\/lek-och-bus-landet\/","title":{"rendered":"Lek-och-bus-landet"},"content":{"rendered":"<p>Hej alla,<\/p>\n<p>H\u00e4romveckan var min storasyster p\u00e5 Lek-och-bus-landet med en kompis. Jag tog det lite lugnt ist\u00e4llet. Tumme smakar gott!<\/p>\n<p><a href=\"https:\/\/thelins.se\/erik\/blog\/wp-content\/uploads\/2012\/09\/IMAG2813.jpg\"><img loading=\"lazy\" decoding=\"async\" class=\"aligncenter size-medium wp-image-35\" title=\"IMAG2813\" src=\"https:\/\/thelins.se\/erik\/blog\/wp-content\/uploads\/2012\/09\/IMAG2813-179x300.jpg\" alt=\"\" width=\"179\" height=\"300\" srcset=\"https:\/\/thelins.se\/erik\/blog\/wp-content\/uploads\/2012\/09\/IMAG2813-179x300.jpg 179w, https:\/\/thelins.se\/erik\/blog\/wp-content\/uploads\/2012\/09\/IMAG2813-613x1024.jpg 613w, https:\/\/thelins.se\/erik\/blog\/wp-content\/uploads\/2012\/09\/IMAG2813.jpg 1552w\" sizes=\"auto, (max-width: 179px) 100vw, 179px\" \/><\/a><\/p>\n<p>\/E<\/p>\n","protected":false},"excerpt":{"rendered":"<p>Hej alla, H\u00e4romveckan var min storasyster p\u00e5 Lek-och-bus-landet med en kompis. Jag tog det lite lugnt ist\u00e4llet. Tumme smakar gott! \/E<\/p>\n","protected":false},"author":1,"featured_media":0,"comment_status":"closed","ping_status":"closed","sticky":false,"template":"","format":"standard","meta":{"footnotes":""},"categories":[1],"tags":[],"class_list":["post-34","post","type-post","status-publish","format-standard","hentry","category-uncategorized"],"_links":{"self":[{"href":"https:\/\/thelins.se\/erik\/blog\/wp-json\/wp\/v2\/posts\/34","targetHints":{"allow":["GET"]}}],"collection":[{"href":"https:\/\/thelins.se\/erik\/blog\/wp-json\/wp\/v2\/posts"}],"about":[{"href":"https:\/\/thelins.se\/erik\/blog\/wp-json\/wp\/v2\/types\/post"}],"author":[{"embeddable":true,"href":"https:\/\/thelins.se\/erik\/blog\/wp-json\/wp\/v2\/users\/1"}],"replies":[{"embeddable":true,"href":"https:\/\/thelins.se\/erik\/blog\/wp-json\/wp\/v2\/comments?post=34"}],"version-history":[{"count":1,"href":"https:\/\/thelins.se\/erik\/blog\/wp-json\/wp\/v2\/posts\/34\/revisions"}],"predecessor-version":[{"id":36,"href":"https:\/\/thelins.se\/erik\/blog\/wp-json\/wp\/v2\/posts\/34\/revisions\/36"}],"wp:attachment":[{"href":"https:\/\/thelins.se\/erik\/blog\/wp-json\/wp\/v2\/media?parent=34"}],"wp:term":[{"taxonomy":"category","embeddable":true,"href":"https:\/\/thelins.se\/erik\/blog\/wp-json\/wp\/v2\/categories?post=34"},{"taxonomy":"post_tag","embeddable":true,"href":"https:\/\/thelins.se\/erik\/blog\/wp-json\/wp\/v2\/tags?post=34"}],"curies":[{"name":"wp","href":"https:\/\/api.w.org\/{rel}","templated":true}]}}