{"id":31,"date":"2012-10-05T15:56:46","date_gmt":"2012-10-05T14:56:46","guid":{"rendered":"http:\/\/thelins.se\/erik\/blog\/?p=31"},"modified":"2012-09-29T15:57:41","modified_gmt":"2012-09-29T14:57:41","slug":"badfrisyr","status":"publish","type":"post","link":"https:\/\/thelins.se\/erik\/blog\/2012\/10\/05\/badfrisyr\/","title":{"rendered":"Badfrisyr"},"content":{"rendered":"<p>Hej alla,<\/p>\n<p>Morfar s\u00e4ger att jag ser ut som tintin n\u00e4r jag \u00e4r nybadad. Vad tycker ni?<\/p>\n<p><a href=\"https:\/\/thelins.se\/erik\/blog\/wp-content\/uploads\/2012\/09\/IMAG2810.jpg\"><img loading=\"lazy\" decoding=\"async\" class=\"aligncenter size-medium wp-image-32\" title=\"IMAG2810\" src=\"https:\/\/thelins.se\/erik\/blog\/wp-content\/uploads\/2012\/09\/IMAG2810-179x300.jpg\" alt=\"\" width=\"179\" height=\"300\" srcset=\"https:\/\/thelins.se\/erik\/blog\/wp-content\/uploads\/2012\/09\/IMAG2810-179x300.jpg 179w, https:\/\/thelins.se\/erik\/blog\/wp-content\/uploads\/2012\/09\/IMAG2810-613x1024.jpg 613w, https:\/\/thelins.se\/erik\/blog\/wp-content\/uploads\/2012\/09\/IMAG2810.jpg 1552w\" sizes=\"auto, (max-width: 179px) 100vw, 179px\" \/><\/a><\/p>\n<p>\/E<\/p>\n","protected":false},"excerpt":{"rendered":"<p>Hej alla, Morfar s\u00e4ger att jag ser ut som tintin n\u00e4r jag \u00e4r nybadad. Vad tycker ni? \/E<\/p>\n","protected":false},"author":1,"featured_media":0,"comment_status":"closed","ping_status":"closed","sticky":false,"template":"","format":"standard","meta":{"footnotes":""},"categories":[1],"tags":[],"class_list":["post-31","post","type-post","status-publish","format-standard","hentry","category-uncategorized"],"_links":{"self":[{"href":"https:\/\/thelins.se\/erik\/blog\/wp-json\/wp\/v2\/posts\/31","targetHints":{"allow":["GET"]}}],"collection":[{"href":"https:\/\/thelins.se\/erik\/blog\/wp-json\/wp\/v2\/posts"}],"about":[{"href":"https:\/\/thelins.se\/erik\/blog\/wp-json\/wp\/v2\/types\/post"}],"author":[{"embeddable":true,"href":"https:\/\/thelins.se\/erik\/blog\/wp-json\/wp\/v2\/users\/1"}],"replies":[{"embeddable":true,"href":"https:\/\/thelins.se\/erik\/blog\/wp-json\/wp\/v2\/comments?post=31"}],"version-history":[{"count":1,"href":"https:\/\/thelins.se\/erik\/blog\/wp-json\/wp\/v2\/posts\/31\/revisions"}],"predecessor-version":[{"id":33,"href":"https:\/\/thelins.se\/erik\/blog\/wp-json\/wp\/v2\/posts\/31\/revisions\/33"}],"wp:attachment":[{"href":"https:\/\/thelins.se\/erik\/blog\/wp-json\/wp\/v2\/media?parent=31"}],"wp:term":[{"taxonomy":"category","embeddable":true,"href":"https:\/\/thelins.se\/erik\/blog\/wp-json\/wp\/v2\/categories?post=31"},{"taxonomy":"post_tag","embeddable":true,"href":"https:\/\/thelins.se\/erik\/blog\/wp-json\/wp\/v2\/tags?post=31"}],"curies":[{"name":"wp","href":"https:\/\/api.w.org\/{rel}","templated":true}]}}