{"id":25,"date":"2012-09-29T15:55:00","date_gmt":"2012-09-29T14:55:00","guid":{"rendered":"http:\/\/thelins.se\/erik\/blog\/?p=25"},"modified":"2012-09-29T15:56:25","modified_gmt":"2012-09-29T14:56:25","slug":"25","status":"publish","type":"post","link":"https:\/\/thelins.se\/erik\/blog\/2012\/09\/29\/25\/","title":{"rendered":"Med storasyster"},"content":{"rendered":"<p>Hej alla,<\/p>\n<p>Min pappa brukar ha mig p\u00e5 benen. Det \u00e4r mysigt. Min storasyster vill ocks\u00e5 att jag ska ligga s\u00e5, men det k\u00e4nns lite mer os\u00e4kert.<\/p>\n<p><a href=\"https:\/\/thelins.se\/erik\/blog\/wp-content\/uploads\/2012\/09\/IMAG2828.jpg\"><img loading=\"lazy\" decoding=\"async\" class=\"alignnone size-medium wp-image-26\" title=\"IMAG2828\" src=\"https:\/\/thelins.se\/erik\/blog\/wp-content\/uploads\/2012\/09\/IMAG2828-179x300.jpg\" alt=\"\" width=\"179\" height=\"300\" srcset=\"https:\/\/thelins.se\/erik\/blog\/wp-content\/uploads\/2012\/09\/IMAG2828-179x300.jpg 179w, https:\/\/thelins.se\/erik\/blog\/wp-content\/uploads\/2012\/09\/IMAG2828-613x1024.jpg 613w, https:\/\/thelins.se\/erik\/blog\/wp-content\/uploads\/2012\/09\/IMAG2828.jpg 1552w\" sizes=\"auto, (max-width: 179px) 100vw, 179px\" \/><\/a><\/p>\n<p>Jag tycker att det \u00e4r mysigare att sitta i hennes kn\u00e4, s\u00e5 att jag kan se alla hennes bus!<\/p>\n<p><a href=\"https:\/\/thelins.se\/erik\/blog\/wp-content\/uploads\/2012\/09\/IMAG2829.jpg\"><img loading=\"lazy\" decoding=\"async\" class=\"alignnone size-medium wp-image-27\" title=\"IMAG2829\" src=\"https:\/\/thelins.se\/erik\/blog\/wp-content\/uploads\/2012\/09\/IMAG2829-300x179.jpg\" alt=\"\" width=\"300\" height=\"179\" srcset=\"https:\/\/thelins.se\/erik\/blog\/wp-content\/uploads\/2012\/09\/IMAG2829-300x179.jpg 300w, https:\/\/thelins.se\/erik\/blog\/wp-content\/uploads\/2012\/09\/IMAG2829-1024x613.jpg 1024w, https:\/\/thelins.se\/erik\/blog\/wp-content\/uploads\/2012\/09\/IMAG2829-500x300.jpg 500w\" sizes=\"auto, (max-width: 300px) 100vw, 300px\" \/><\/a><\/p>\n<p>\/E<\/p>\n","protected":false},"excerpt":{"rendered":"<p>Hej alla, Min pappa brukar ha mig p\u00e5 benen. Det \u00e4r mysigt. Min storasyster vill ocks\u00e5 att jag ska ligga s\u00e5, men det k\u00e4nns lite mer os\u00e4kert. Jag tycker att det \u00e4r mysigare att sitta i hennes kn\u00e4, s\u00e5 att &hellip; <a href=\"https:\/\/thelins.se\/erik\/blog\/2012\/09\/29\/25\/\">Continue reading <span class=\"meta-nav\">&rarr;<\/span><\/a><\/p>\n","protected":false},"author":1,"featured_media":0,"comment_status":"closed","ping_status":"closed","sticky":false,"template":"","format":"standard","meta":{"footnotes":""},"categories":[1],"tags":[],"class_list":["post-25","post","type-post","status-publish","format-standard","hentry","category-uncategorized"],"_links":{"self":[{"href":"https:\/\/thelins.se\/erik\/blog\/wp-json\/wp\/v2\/posts\/25","targetHints":{"allow":["GET"]}}],"collection":[{"href":"https:\/\/thelins.se\/erik\/blog\/wp-json\/wp\/v2\/posts"}],"about":[{"href":"https:\/\/thelins.se\/erik\/blog\/wp-json\/wp\/v2\/types\/post"}],"author":[{"embeddable":true,"href":"https:\/\/thelins.se\/erik\/blog\/wp-json\/wp\/v2\/users\/1"}],"replies":[{"embeddable":true,"href":"https:\/\/thelins.se\/erik\/blog\/wp-json\/wp\/v2\/comments?post=25"}],"version-history":[{"count":3,"href":"https:\/\/thelins.se\/erik\/blog\/wp-json\/wp\/v2\/posts\/25\/revisions"}],"predecessor-version":[{"id":29,"href":"https:\/\/thelins.se\/erik\/blog\/wp-json\/wp\/v2\/posts\/25\/revisions\/29"}],"wp:attachment":[{"href":"https:\/\/thelins.se\/erik\/blog\/wp-json\/wp\/v2\/media?parent=25"}],"wp:term":[{"taxonomy":"category","embeddable":true,"href":"https:\/\/thelins.se\/erik\/blog\/wp-json\/wp\/v2\/categories?post=25"},{"taxonomy":"post_tag","embeddable":true,"href":"https:\/\/thelins.se\/erik\/blog\/wp-json\/wp\/v2\/tags?post=25"}],"curies":[{"name":"wp","href":"https:\/\/api.w.org\/{rel}","templated":true}]}}