{"id":20,"date":"2012-09-20T07:07:59","date_gmt":"2012-09-20T06:07:59","guid":{"rendered":"http:\/\/thelins.se\/erik\/blog\/?p=20"},"modified":"2012-09-20T07:07:59","modified_gmt":"2012-09-20T06:07:59","slug":"titta-upp","status":"publish","type":"post","link":"https:\/\/thelins.se\/erik\/blog\/2012\/09\/20\/titta-upp\/","title":{"rendered":"Titta upp"},"content":{"rendered":"<p>Hej alla,<\/p>\n<p>Det var l\u00e4nge sedan jag l\u00e4rde mig lyfta huvudet, men i b\u00f6rjan var jag tvungen att bli riktigt arg f\u00f6r att tycka det var v\u00e4rt besv\u00e4ret. Numer \u00e4r jag s\u00e5 v\u00e4ltr\u00e4nad att jag kan titta upp och busa \u00e4ven n\u00e4r jag \u00e4r glad!<\/p>\n<p><a href=\"https:\/\/thelins.se\/erik\/blog\/wp-content\/uploads\/2012\/09\/IMAG2741.jpg\"><img loading=\"lazy\" decoding=\"async\" class=\"alignnone size-medium wp-image-21\" title=\"IMAG2741\" src=\"https:\/\/thelins.se\/erik\/blog\/wp-content\/uploads\/2012\/09\/IMAG2741-179x300.jpg\" alt=\"\" width=\"179\" height=\"300\" srcset=\"https:\/\/thelins.se\/erik\/blog\/wp-content\/uploads\/2012\/09\/IMAG2741-179x300.jpg 179w, https:\/\/thelins.se\/erik\/blog\/wp-content\/uploads\/2012\/09\/IMAG2741-613x1024.jpg 613w, https:\/\/thelins.se\/erik\/blog\/wp-content\/uploads\/2012\/09\/IMAG2741.jpg 1552w\" sizes=\"auto, (max-width: 179px) 100vw, 179px\" \/><\/a><\/p>\n<p>\/E<\/p>\n","protected":false},"excerpt":{"rendered":"<p>Hej alla, Det var l\u00e4nge sedan jag l\u00e4rde mig lyfta huvudet, men i b\u00f6rjan var jag tvungen att bli riktigt arg f\u00f6r att tycka det var v\u00e4rt besv\u00e4ret. Numer \u00e4r jag s\u00e5 v\u00e4ltr\u00e4nad att jag kan titta upp och busa &hellip; <a href=\"https:\/\/thelins.se\/erik\/blog\/2012\/09\/20\/titta-upp\/\">Continue reading <span class=\"meta-nav\">&rarr;<\/span><\/a><\/p>\n","protected":false},"author":1,"featured_media":0,"comment_status":"closed","ping_status":"closed","sticky":false,"template":"","format":"standard","meta":{"footnotes":""},"categories":[1],"tags":[],"class_list":["post-20","post","type-post","status-publish","format-standard","hentry","category-uncategorized"],"_links":{"self":[{"href":"https:\/\/thelins.se\/erik\/blog\/wp-json\/wp\/v2\/posts\/20","targetHints":{"allow":["GET"]}}],"collection":[{"href":"https:\/\/thelins.se\/erik\/blog\/wp-json\/wp\/v2\/posts"}],"about":[{"href":"https:\/\/thelins.se\/erik\/blog\/wp-json\/wp\/v2\/types\/post"}],"author":[{"embeddable":true,"href":"https:\/\/thelins.se\/erik\/blog\/wp-json\/wp\/v2\/users\/1"}],"replies":[{"embeddable":true,"href":"https:\/\/thelins.se\/erik\/blog\/wp-json\/wp\/v2\/comments?post=20"}],"version-history":[{"count":1,"href":"https:\/\/thelins.se\/erik\/blog\/wp-json\/wp\/v2\/posts\/20\/revisions"}],"predecessor-version":[{"id":22,"href":"https:\/\/thelins.se\/erik\/blog\/wp-json\/wp\/v2\/posts\/20\/revisions\/22"}],"wp:attachment":[{"href":"https:\/\/thelins.se\/erik\/blog\/wp-json\/wp\/v2\/media?parent=20"}],"wp:term":[{"taxonomy":"category","embeddable":true,"href":"https:\/\/thelins.se\/erik\/blog\/wp-json\/wp\/v2\/categories?post=20"},{"taxonomy":"post_tag","embeddable":true,"href":"https:\/\/thelins.se\/erik\/blog\/wp-json\/wp\/v2\/tags?post=20"}],"curies":[{"name":"wp","href":"https:\/\/api.w.org\/{rel}","templated":true}]}}